{"id":2972,"date":"2025-06-23T12:07:58","date_gmt":"2025-06-23T11:07:58","guid":{"rendered":"https:\/\/odiotsala.archi\/art-curation\/"},"modified":"2025-09-03T15:57:54","modified_gmt":"2025-09-03T14:57:54","slug":"art-curation","status":"publish","type":"post","link":"https:\/\/odiotsala.archi\/en\/art-curation\/","title":{"rendered":"Art Curation"},"content":{"rendered":"\n<p>Because every space deserves a meaningful signature, we collaborate with an exhibition curator to place art at the very heart of the architectural project-right down to the final detail.<\/p>\n\n<p>Historienne de l\u2019Art, Lola Grunwald \u0153uvre \u00e0 constituer ou enrichir des collections d\u2019art contemporain.<\/p>\n\n<p>Her network brings together emerging and established artists, as well as those on the path to entering public collections, all carefully selected for the coherence of their artistic vision and their potential for long-term value.<\/p>\n\n<p>Today, she approaches private spaces as a field of experimentation, where intimacy becomes a powerful medium for connection and meaning.<\/p>\n\n<p><\/p>\n","protected":false},"excerpt":{"rendered":"<p>Because every space deserves a meaningful signature, we collaborate with an exhibition curator to place art at the very heart of the architectural project-right down to the final detail. Historienne de l\u2019Art, Lola Grunwald \u0153uvre \u00e0 constituer ou enrichir des collections d\u2019art contemporain. Her network brings together emerging and established artists, as well as those [&hellip;]<\/p>\n","protected":false},"author":3,"featured_media":2897,"comment_status":"closed","ping_status":"closed","sticky":false,"template":"","format":"standard","meta":{"footnotes":""},"categories":[12],"tags":[],"class_list":["post-2972","post","type-post","status-publish","format-standard","has-post-thumbnail","hentry","category-uncategorized"],"yoast_head":"<!-- This site is optimized with the Yoast SEO plugin v27.0 - https:\/\/yoast.com\/product\/yoast-seo-wordpress\/ -->\n<title>Art Curation - Odiot &amp; Sala Studio d&#039;Architecture d&#039;Int\u00e9rieur<\/title>\n<meta name=\"robots\" content=\"noindex, nofollow\" \/>\n<meta property=\"og:locale\" content=\"en_US\" \/>\n<meta property=\"og:type\" content=\"article\" \/>\n<meta property=\"og:title\" content=\"Art Curation - Odiot &amp; Sala Studio d&#039;Architecture d&#039;Int\u00e9rieur\" \/>\n<meta property=\"og:description\" content=\"Because every space deserves a meaningful signature, we collaborate with an exhibition curator to place art at the very heart of the architectural project-right down to the final detail. Historienne de l\u2019Art, Lola Grunwald \u0153uvre \u00e0 constituer ou enrichir des collections d\u2019art contemporain. Her network brings together emerging and established artists, as well as those [&hellip;]\" \/>\n<meta property=\"og:url\" content=\"https:\/\/odiotsala.archi\/en\/art-curation\/\" \/>\n<meta property=\"og:site_name\" content=\"Odiot &amp; Sala Studio d&#039;Architecture d&#039;Int\u00e9rieur\" \/>\n<meta property=\"article:published_time\" content=\"2025-06-23T11:07:58+00:00\" \/>\n<meta property=\"article:modified_time\" content=\"2025-09-03T14:57:54+00:00\" \/>\n<meta property=\"og:image\" content=\"https:\/\/odiotsala.archi\/wp-content\/uploads\/2025\/06\/Site-328.jpg\" \/>\n\t<meta property=\"og:image:width\" content=\"1920\" \/>\n\t<meta property=\"og:image:height\" content=\"1346\" \/>\n\t<meta property=\"og:image:type\" content=\"image\/jpeg\" \/>\n<meta name=\"author\" content=\"R\u00e9mi Sala\" \/>\n<meta name=\"twitter:card\" content=\"summary_large_image\" \/>\n<meta name=\"twitter:label1\" content=\"Written by\" \/>\n\t<meta name=\"twitter:data1\" content=\"R\u00e9mi Sala\" \/>\n<script type=\"application\/ld+json\" class=\"yoast-schema-graph\">{\"@context\":\"https:\/\/schema.org\",\"@graph\":[{\"@type\":\"Article\",\"@id\":\"https:\/\/odiotsala.archi\/en\/art-curation\/#article\",\"isPartOf\":{\"@id\":\"https:\/\/odiotsala.archi\/en\/art-curation\/\"},\"author\":{\"name\":\"R\u00e9mi Sala\",\"@id\":\"https:\/\/odiotsala.archi\/en\/#\/schema\/person\/8ec94bcb719ce74b3b2b6bdbaaa65c29\"},\"headline\":\"Art Curation\",\"datePublished\":\"2025-06-23T11:07:58+00:00\",\"dateModified\":\"2025-09-03T14:57:54+00:00\",\"mainEntityOfPage\":{\"@id\":\"https:\/\/odiotsala.archi\/en\/art-curation\/\"},\"wordCount\":101,\"publisher\":{\"@id\":\"https:\/\/odiotsala.archi\/en\/#organization\"},\"image\":{\"@id\":\"https:\/\/odiotsala.archi\/en\/art-curation\/#primaryimage\"},\"thumbnailUrl\":\"https:\/\/odiotsala.archi\/wp-content\/uploads\/2025\/06\/Site-328.jpg\",\"inLanguage\":\"en-US\"},{\"@type\":\"WebPage\",\"@id\":\"https:\/\/odiotsala.archi\/en\/art-curation\/\",\"url\":\"https:\/\/odiotsala.archi\/en\/art-curation\/\",\"name\":\"Art Curation - Odiot &amp; Sala Studio d&#039;Architecture d&#039;Int\u00e9rieur\",\"isPartOf\":{\"@id\":\"https:\/\/odiotsala.archi\/en\/#website\"},\"primaryImageOfPage\":{\"@id\":\"https:\/\/odiotsala.archi\/en\/art-curation\/#primaryimage\"},\"image\":{\"@id\":\"https:\/\/odiotsala.archi\/en\/art-curation\/#primaryimage\"},\"thumbnailUrl\":\"https:\/\/odiotsala.archi\/wp-content\/uploads\/2025\/06\/Site-328.jpg\",\"datePublished\":\"2025-06-23T11:07:58+00:00\",\"dateModified\":\"2025-09-03T14:57:54+00:00\",\"breadcrumb\":{\"@id\":\"https:\/\/odiotsala.archi\/en\/art-curation\/#breadcrumb\"},\"inLanguage\":\"en-US\",\"potentialAction\":[{\"@type\":\"ReadAction\",\"target\":[\"https:\/\/odiotsala.archi\/en\/art-curation\/\"]}]},{\"@type\":\"ImageObject\",\"inLanguage\":\"en-US\",\"@id\":\"https:\/\/odiotsala.archi\/en\/art-curation\/#primaryimage\",\"url\":\"https:\/\/odiotsala.archi\/wp-content\/uploads\/2025\/06\/Site-328.jpg\",\"contentUrl\":\"https:\/\/odiotsala.archi\/wp-content\/uploads\/2025\/06\/Site-328.jpg\",\"width\":1920,\"height\":1346},{\"@type\":\"BreadcrumbList\",\"@id\":\"https:\/\/odiotsala.archi\/en\/art-curation\/#breadcrumb\",\"itemListElement\":[{\"@type\":\"ListItem\",\"position\":1,\"name\":\"Accueil\",\"item\":\"https:\/\/odiotsala.archi\/en\/\"},{\"@type\":\"ListItem\",\"position\":2,\"name\":\"Art Curation\"}]},{\"@type\":\"WebSite\",\"@id\":\"https:\/\/odiotsala.archi\/en\/#website\",\"url\":\"https:\/\/odiotsala.archi\/en\/\",\"name\":\"Odiot &amp; Sala Studio d&#039;Architecture d&#039;Int\u00e9rieur\",\"description\":\"Nous concevons des environnements o\u00f9 l&#039;int\u00e9rieur et l&#039;ext\u00e9rieur se connectent harmoniseusement pour cr\u00e9er des atmosph\u00e8res chaleureuses et solaires.\",\"publisher\":{\"@id\":\"https:\/\/odiotsala.archi\/en\/#organization\"},\"potentialAction\":[{\"@type\":\"SearchAction\",\"target\":{\"@type\":\"EntryPoint\",\"urlTemplate\":\"https:\/\/odiotsala.archi\/en\/?s={search_term_string}\"},\"query-input\":{\"@type\":\"PropertyValueSpecification\",\"valueRequired\":true,\"valueName\":\"search_term_string\"}}],\"inLanguage\":\"en-US\"},{\"@type\":\"Organization\",\"@id\":\"https:\/\/odiotsala.archi\/en\/#organization\",\"name\":\"Odiot &amp; Sala Studio d&#039;Architecture d&#039;Int\u00e9rieur\",\"url\":\"https:\/\/odiotsala.archi\/en\/\",\"logo\":{\"@type\":\"ImageObject\",\"inLanguage\":\"en-US\",\"@id\":\"https:\/\/odiotsala.archi\/en\/#\/schema\/logo\/image\/\",\"url\":\"https:\/\/odiotsala.archi\/wp-content\/uploads\/2024\/06\/Logo-Odiot-Sala-1.png\",\"contentUrl\":\"https:\/\/odiotsala.archi\/wp-content\/uploads\/2024\/06\/Logo-Odiot-Sala-1.png\",\"width\":1078,\"height\":226,\"caption\":\"Odiot &amp; Sala Studio d&#039;Architecture d&#039;Int\u00e9rieur\"},\"image\":{\"@id\":\"https:\/\/odiotsala.archi\/en\/#\/schema\/logo\/image\/\"}},{\"@type\":\"Person\",\"@id\":\"https:\/\/odiotsala.archi\/en\/#\/schema\/person\/8ec94bcb719ce74b3b2b6bdbaaa65c29\",\"name\":\"R\u00e9mi Sala\",\"image\":{\"@type\":\"ImageObject\",\"inLanguage\":\"en-US\",\"@id\":\"https:\/\/odiotsala.archi\/en\/#\/schema\/person\/image\/\",\"url\":\"https:\/\/secure.gravatar.com\/avatar\/7241e8afc96a46688208c7ff4a57498d2b6c30633149211a2d8b2cefc99b4d12?s=96&d=mm&r=g\",\"contentUrl\":\"https:\/\/secure.gravatar.com\/avatar\/7241e8afc96a46688208c7ff4a57498d2b6c30633149211a2d8b2cefc99b4d12?s=96&d=mm&r=g\",\"caption\":\"R\u00e9mi Sala\"},\"url\":\"https:\/\/odiotsala.archi\/en\/author\/remi\/\"}]}<\/script>\n<!-- \/ Yoast SEO plugin. -->","yoast_head_json":{"title":"Art Curation - Odiot &amp; Sala Studio d&#039;Architecture d&#039;Int\u00e9rieur","robots":{"index":"noindex","follow":"nofollow"},"og_locale":"en_US","og_type":"article","og_title":"Art Curation - Odiot &amp; Sala Studio d&#039;Architecture d&#039;Int\u00e9rieur","og_description":"Because every space deserves a meaningful signature, we collaborate with an exhibition curator to place art at the very heart of the architectural project-right down to the final detail. Historienne de l\u2019Art, Lola Grunwald \u0153uvre \u00e0 constituer ou enrichir des collections d\u2019art contemporain. Her network brings together emerging and established artists, as well as those [&hellip;]","og_url":"https:\/\/odiotsala.archi\/en\/art-curation\/","og_site_name":"Odiot &amp; Sala Studio d&#039;Architecture d&#039;Int\u00e9rieur","article_published_time":"2025-06-23T11:07:58+00:00","article_modified_time":"2025-09-03T14:57:54+00:00","og_image":[{"width":1920,"height":1346,"url":"https:\/\/odiotsala.archi\/wp-content\/uploads\/2025\/06\/Site-328.jpg","type":"image\/jpeg"}],"author":"R\u00e9mi Sala","twitter_card":"summary_large_image","twitter_misc":{"Written by":"R\u00e9mi Sala"},"schema":{"@context":"https:\/\/schema.org","@graph":[{"@type":"Article","@id":"https:\/\/odiotsala.archi\/en\/art-curation\/#article","isPartOf":{"@id":"https:\/\/odiotsala.archi\/en\/art-curation\/"},"author":{"name":"R\u00e9mi Sala","@id":"https:\/\/odiotsala.archi\/en\/#\/schema\/person\/8ec94bcb719ce74b3b2b6bdbaaa65c29"},"headline":"Art Curation","datePublished":"2025-06-23T11:07:58+00:00","dateModified":"2025-09-03T14:57:54+00:00","mainEntityOfPage":{"@id":"https:\/\/odiotsala.archi\/en\/art-curation\/"},"wordCount":101,"publisher":{"@id":"https:\/\/odiotsala.archi\/en\/#organization"},"image":{"@id":"https:\/\/odiotsala.archi\/en\/art-curation\/#primaryimage"},"thumbnailUrl":"https:\/\/odiotsala.archi\/wp-content\/uploads\/2025\/06\/Site-328.jpg","inLanguage":"en-US"},{"@type":"WebPage","@id":"https:\/\/odiotsala.archi\/en\/art-curation\/","url":"https:\/\/odiotsala.archi\/en\/art-curation\/","name":"Art Curation - Odiot &amp; Sala Studio d&#039;Architecture d&#039;Int\u00e9rieur","isPartOf":{"@id":"https:\/\/odiotsala.archi\/en\/#website"},"primaryImageOfPage":{"@id":"https:\/\/odiotsala.archi\/en\/art-curation\/#primaryimage"},"image":{"@id":"https:\/\/odiotsala.archi\/en\/art-curation\/#primaryimage"},"thumbnailUrl":"https:\/\/odiotsala.archi\/wp-content\/uploads\/2025\/06\/Site-328.jpg","datePublished":"2025-06-23T11:07:58+00:00","dateModified":"2025-09-03T14:57:54+00:00","breadcrumb":{"@id":"https:\/\/odiotsala.archi\/en\/art-curation\/#breadcrumb"},"inLanguage":"en-US","potentialAction":[{"@type":"ReadAction","target":["https:\/\/odiotsala.archi\/en\/art-curation\/"]}]},{"@type":"ImageObject","inLanguage":"en-US","@id":"https:\/\/odiotsala.archi\/en\/art-curation\/#primaryimage","url":"https:\/\/odiotsala.archi\/wp-content\/uploads\/2025\/06\/Site-328.jpg","contentUrl":"https:\/\/odiotsala.archi\/wp-content\/uploads\/2025\/06\/Site-328.jpg","width":1920,"height":1346},{"@type":"BreadcrumbList","@id":"https:\/\/odiotsala.archi\/en\/art-curation\/#breadcrumb","itemListElement":[{"@type":"ListItem","position":1,"name":"Accueil","item":"https:\/\/odiotsala.archi\/en\/"},{"@type":"ListItem","position":2,"name":"Art Curation"}]},{"@type":"WebSite","@id":"https:\/\/odiotsala.archi\/en\/#website","url":"https:\/\/odiotsala.archi\/en\/","name":"Odiot &amp; Sala Studio d&#039;Architecture d&#039;Int\u00e9rieur","description":"Nous concevons des environnements o\u00f9 l&#039;int\u00e9rieur et l&#039;ext\u00e9rieur se connectent harmoniseusement pour cr\u00e9er des atmosph\u00e8res chaleureuses et solaires.","publisher":{"@id":"https:\/\/odiotsala.archi\/en\/#organization"},"potentialAction":[{"@type":"SearchAction","target":{"@type":"EntryPoint","urlTemplate":"https:\/\/odiotsala.archi\/en\/?s={search_term_string}"},"query-input":{"@type":"PropertyValueSpecification","valueRequired":true,"valueName":"search_term_string"}}],"inLanguage":"en-US"},{"@type":"Organization","@id":"https:\/\/odiotsala.archi\/en\/#organization","name":"Odiot &amp; Sala Studio d&#039;Architecture d&#039;Int\u00e9rieur","url":"https:\/\/odiotsala.archi\/en\/","logo":{"@type":"ImageObject","inLanguage":"en-US","@id":"https:\/\/odiotsala.archi\/en\/#\/schema\/logo\/image\/","url":"https:\/\/odiotsala.archi\/wp-content\/uploads\/2024\/06\/Logo-Odiot-Sala-1.png","contentUrl":"https:\/\/odiotsala.archi\/wp-content\/uploads\/2024\/06\/Logo-Odiot-Sala-1.png","width":1078,"height":226,"caption":"Odiot &amp; Sala Studio d&#039;Architecture d&#039;Int\u00e9rieur"},"image":{"@id":"https:\/\/odiotsala.archi\/en\/#\/schema\/logo\/image\/"}},{"@type":"Person","@id":"https:\/\/odiotsala.archi\/en\/#\/schema\/person\/8ec94bcb719ce74b3b2b6bdbaaa65c29","name":"R\u00e9mi Sala","image":{"@type":"ImageObject","inLanguage":"en-US","@id":"https:\/\/odiotsala.archi\/en\/#\/schema\/person\/image\/","url":"https:\/\/secure.gravatar.com\/avatar\/7241e8afc96a46688208c7ff4a57498d2b6c30633149211a2d8b2cefc99b4d12?s=96&d=mm&r=g","contentUrl":"https:\/\/secure.gravatar.com\/avatar\/7241e8afc96a46688208c7ff4a57498d2b6c30633149211a2d8b2cefc99b4d12?s=96&d=mm&r=g","caption":"R\u00e9mi Sala"},"url":"https:\/\/odiotsala.archi\/en\/author\/remi\/"}]}},"_links":{"self":[{"href":"https:\/\/odiotsala.archi\/en\/wp-json\/wp\/v2\/posts\/2972","targetHints":{"allow":["GET"]}}],"collection":[{"href":"https:\/\/odiotsala.archi\/en\/wp-json\/wp\/v2\/posts"}],"about":[{"href":"https:\/\/odiotsala.archi\/en\/wp-json\/wp\/v2\/types\/post"}],"author":[{"embeddable":true,"href":"https:\/\/odiotsala.archi\/en\/wp-json\/wp\/v2\/users\/3"}],"replies":[{"embeddable":true,"href":"https:\/\/odiotsala.archi\/en\/wp-json\/wp\/v2\/comments?post=2972"}],"version-history":[{"count":1,"href":"https:\/\/odiotsala.archi\/en\/wp-json\/wp\/v2\/posts\/2972\/revisions"}],"predecessor-version":[{"id":2973,"href":"https:\/\/odiotsala.archi\/en\/wp-json\/wp\/v2\/posts\/2972\/revisions\/2973"}],"wp:featuredmedia":[{"embeddable":true,"href":"https:\/\/odiotsala.archi\/en\/wp-json\/wp\/v2\/media\/2897"}],"wp:attachment":[{"href":"https:\/\/odiotsala.archi\/en\/wp-json\/wp\/v2\/media?parent=2972"}],"wp:term":[{"taxonomy":"category","embeddable":true,"href":"https:\/\/odiotsala.archi\/en\/wp-json\/wp\/v2\/categories?post=2972"},{"taxonomy":"post_tag","embeddable":true,"href":"https:\/\/odiotsala.archi\/en\/wp-json\/wp\/v2\/tags?post=2972"}],"curies":[{"name":"wp","href":"https:\/\/api.w.org\/{rel}","templated":true}]}}