{"id":2964,"date":"2025-06-23T11:59:17","date_gmt":"2025-06-23T10:59:17","guid":{"rendered":"https:\/\/odiotsala.archi\/landscaping\/"},"modified":"2025-09-03T13:59:09","modified_gmt":"2025-09-03T12:59:09","slug":"landscaping","status":"publish","type":"post","link":"https:\/\/odiotsala.archi\/en\/landscaping\/","title":{"rendered":"Landscaping"},"content":{"rendered":"\n<p>Based in the South of France, we are naturally committed to extending your living space outdoors. Whether terraces, gardens, or convivial gathering areas, we design outdoor environments with the same care and thoughtfulness as your interiors\u2014perfect for enjoying the Mediterranean climate.<\/p>\n\n<p><\/p>\n","protected":false},"excerpt":{"rendered":"<p>Based in the South of France, we are naturally committed to extending your living space outdoors. Whether terraces, gardens, or convivial gathering areas, we design outdoor environments with the same care and thoughtfulness as your interiors\u2014perfect for enjoying the Mediterranean climate.<\/p>\n","protected":false},"author":3,"featured_media":2913,"comment_status":"closed","ping_status":"closed","sticky":false,"template":"","format":"standard","meta":{"footnotes":""},"categories":[12],"tags":[],"class_list":["post-2964","post","type-post","status-publish","format-standard","has-post-thumbnail","hentry","category-uncategorized"],"yoast_head":"<!-- This site is optimized with the Yoast SEO plugin v27.0 - https:\/\/yoast.com\/product\/yoast-seo-wordpress\/ -->\n<title>Landscaping - Odiot &amp; Sala Studio d&#039;Architecture d&#039;Int\u00e9rieur<\/title>\n<meta name=\"robots\" content=\"index, nofollow, max-snippet:-1, max-image-preview:large, max-video-preview:-1\" \/>\n<link rel=\"canonical\" href=\"https:\/\/odiotsala.archi\/en\/landscaping\/\" \/>\n<meta property=\"og:locale\" content=\"en_US\" \/>\n<meta property=\"og:type\" content=\"article\" \/>\n<meta property=\"og:title\" content=\"Landscaping - Odiot &amp; Sala Studio d&#039;Architecture d&#039;Int\u00e9rieur\" \/>\n<meta property=\"og:description\" content=\"Based in the South of France, we are naturally committed to extending your living space outdoors. Whether terraces, gardens, or convivial gathering areas, we design outdoor environments with the same care and thoughtfulness as your interiors\u2014perfect for enjoying the Mediterranean climate.\" \/>\n<meta property=\"og:url\" content=\"https:\/\/odiotsala.archi\/en\/landscaping\/\" \/>\n<meta property=\"og:site_name\" content=\"Odiot &amp; Sala Studio d&#039;Architecture d&#039;Int\u00e9rieur\" \/>\n<meta property=\"article:published_time\" content=\"2025-06-23T10:59:17+00:00\" \/>\n<meta property=\"article:modified_time\" content=\"2025-09-03T12:59:09+00:00\" \/>\n<meta property=\"og:image\" content=\"https:\/\/odiotsala.archi\/wp-content\/uploads\/2025\/06\/Site-314.jpg\" \/>\n\t<meta property=\"og:image:width\" content=\"1920\" \/>\n\t<meta property=\"og:image:height\" content=\"1442\" \/>\n\t<meta property=\"og:image:type\" content=\"image\/jpeg\" \/>\n<meta name=\"author\" content=\"R\u00e9mi Sala\" \/>\n<meta name=\"twitter:card\" content=\"summary_large_image\" \/>\n<meta name=\"twitter:label1\" content=\"Written by\" \/>\n\t<meta name=\"twitter:data1\" content=\"R\u00e9mi Sala\" \/>\n<script type=\"application\/ld+json\" class=\"yoast-schema-graph\">{\"@context\":\"https:\/\/schema.org\",\"@graph\":[{\"@type\":\"Article\",\"@id\":\"https:\/\/odiotsala.archi\/en\/landscaping\/#article\",\"isPartOf\":{\"@id\":\"https:\/\/odiotsala.archi\/en\/landscaping\/\"},\"author\":{\"name\":\"R\u00e9mi Sala\",\"@id\":\"https:\/\/odiotsala.archi\/en\/#\/schema\/person\/8ec94bcb719ce74b3b2b6bdbaaa65c29\"},\"headline\":\"Landscaping\",\"datePublished\":\"2025-06-23T10:59:17+00:00\",\"dateModified\":\"2025-09-03T12:59:09+00:00\",\"mainEntityOfPage\":{\"@id\":\"https:\/\/odiotsala.archi\/en\/landscaping\/\"},\"wordCount\":43,\"publisher\":{\"@id\":\"https:\/\/odiotsala.archi\/en\/#organization\"},\"image\":{\"@id\":\"https:\/\/odiotsala.archi\/en\/landscaping\/#primaryimage\"},\"thumbnailUrl\":\"https:\/\/odiotsala.archi\/wp-content\/uploads\/2025\/06\/Site-314.jpg\",\"inLanguage\":\"en-US\"},{\"@type\":\"WebPage\",\"@id\":\"https:\/\/odiotsala.archi\/en\/landscaping\/\",\"url\":\"https:\/\/odiotsala.archi\/en\/landscaping\/\",\"name\":\"Landscaping - Odiot &amp; Sala Studio d&#039;Architecture d&#039;Int\u00e9rieur\",\"isPartOf\":{\"@id\":\"https:\/\/odiotsala.archi\/en\/#website\"},\"primaryImageOfPage\":{\"@id\":\"https:\/\/odiotsala.archi\/en\/landscaping\/#primaryimage\"},\"image\":{\"@id\":\"https:\/\/odiotsala.archi\/en\/landscaping\/#primaryimage\"},\"thumbnailUrl\":\"https:\/\/odiotsala.archi\/wp-content\/uploads\/2025\/06\/Site-314.jpg\",\"datePublished\":\"2025-06-23T10:59:17+00:00\",\"dateModified\":\"2025-09-03T12:59:09+00:00\",\"breadcrumb\":{\"@id\":\"https:\/\/odiotsala.archi\/en\/landscaping\/#breadcrumb\"},\"inLanguage\":\"en-US\",\"potentialAction\":[{\"@type\":\"ReadAction\",\"target\":[\"https:\/\/odiotsala.archi\/en\/landscaping\/\"]}]},{\"@type\":\"ImageObject\",\"inLanguage\":\"en-US\",\"@id\":\"https:\/\/odiotsala.archi\/en\/landscaping\/#primaryimage\",\"url\":\"https:\/\/odiotsala.archi\/wp-content\/uploads\/2025\/06\/Site-314.jpg\",\"contentUrl\":\"https:\/\/odiotsala.archi\/wp-content\/uploads\/2025\/06\/Site-314.jpg\",\"width\":1920,\"height\":1442,\"caption\":\"Conception Paysagisme\"},{\"@type\":\"BreadcrumbList\",\"@id\":\"https:\/\/odiotsala.archi\/en\/landscaping\/#breadcrumb\",\"itemListElement\":[{\"@type\":\"ListItem\",\"position\":1,\"name\":\"Accueil\",\"item\":\"https:\/\/odiotsala.archi\/en\/\"},{\"@type\":\"ListItem\",\"position\":2,\"name\":\"Landscaping\"}]},{\"@type\":\"WebSite\",\"@id\":\"https:\/\/odiotsala.archi\/en\/#website\",\"url\":\"https:\/\/odiotsala.archi\/en\/\",\"name\":\"Odiot &amp; Sala Studio d&#039;Architecture d&#039;Int\u00e9rieur\",\"description\":\"Nous concevons des environnements o\u00f9 l&#039;int\u00e9rieur et l&#039;ext\u00e9rieur se connectent harmoniseusement pour cr\u00e9er des atmosph\u00e8res chaleureuses et solaires.\",\"publisher\":{\"@id\":\"https:\/\/odiotsala.archi\/en\/#organization\"},\"potentialAction\":[{\"@type\":\"SearchAction\",\"target\":{\"@type\":\"EntryPoint\",\"urlTemplate\":\"https:\/\/odiotsala.archi\/en\/?s={search_term_string}\"},\"query-input\":{\"@type\":\"PropertyValueSpecification\",\"valueRequired\":true,\"valueName\":\"search_term_string\"}}],\"inLanguage\":\"en-US\"},{\"@type\":\"Organization\",\"@id\":\"https:\/\/odiotsala.archi\/en\/#organization\",\"name\":\"Odiot &amp; Sala Studio d&#039;Architecture d&#039;Int\u00e9rieur\",\"url\":\"https:\/\/odiotsala.archi\/en\/\",\"logo\":{\"@type\":\"ImageObject\",\"inLanguage\":\"en-US\",\"@id\":\"https:\/\/odiotsala.archi\/en\/#\/schema\/logo\/image\/\",\"url\":\"https:\/\/odiotsala.archi\/wp-content\/uploads\/2024\/06\/Logo-Odiot-Sala-1.png\",\"contentUrl\":\"https:\/\/odiotsala.archi\/wp-content\/uploads\/2024\/06\/Logo-Odiot-Sala-1.png\",\"width\":1078,\"height\":226,\"caption\":\"Odiot &amp; Sala Studio d&#039;Architecture d&#039;Int\u00e9rieur\"},\"image\":{\"@id\":\"https:\/\/odiotsala.archi\/en\/#\/schema\/logo\/image\/\"}},{\"@type\":\"Person\",\"@id\":\"https:\/\/odiotsala.archi\/en\/#\/schema\/person\/8ec94bcb719ce74b3b2b6bdbaaa65c29\",\"name\":\"R\u00e9mi Sala\",\"image\":{\"@type\":\"ImageObject\",\"inLanguage\":\"en-US\",\"@id\":\"https:\/\/odiotsala.archi\/en\/#\/schema\/person\/image\/\",\"url\":\"https:\/\/secure.gravatar.com\/avatar\/7241e8afc96a46688208c7ff4a57498d2b6c30633149211a2d8b2cefc99b4d12?s=96&d=mm&r=g\",\"contentUrl\":\"https:\/\/secure.gravatar.com\/avatar\/7241e8afc96a46688208c7ff4a57498d2b6c30633149211a2d8b2cefc99b4d12?s=96&d=mm&r=g\",\"caption\":\"R\u00e9mi Sala\"},\"url\":\"https:\/\/odiotsala.archi\/en\/author\/remi\/\"}]}<\/script>\n<!-- \/ Yoast SEO plugin. -->","yoast_head_json":{"title":"Landscaping - Odiot &amp; Sala Studio d&#039;Architecture d&#039;Int\u00e9rieur","robots":{"index":"index","follow":"nofollow","max-snippet":"max-snippet:-1","max-image-preview":"max-image-preview:large","max-video-preview":"max-video-preview:-1"},"canonical":"https:\/\/odiotsala.archi\/en\/landscaping\/","og_locale":"en_US","og_type":"article","og_title":"Landscaping - Odiot &amp; Sala Studio d&#039;Architecture d&#039;Int\u00e9rieur","og_description":"Based in the South of France, we are naturally committed to extending your living space outdoors. Whether terraces, gardens, or convivial gathering areas, we design outdoor environments with the same care and thoughtfulness as your interiors\u2014perfect for enjoying the Mediterranean climate.","og_url":"https:\/\/odiotsala.archi\/en\/landscaping\/","og_site_name":"Odiot &amp; Sala Studio d&#039;Architecture d&#039;Int\u00e9rieur","article_published_time":"2025-06-23T10:59:17+00:00","article_modified_time":"2025-09-03T12:59:09+00:00","og_image":[{"width":1920,"height":1442,"url":"https:\/\/odiotsala.archi\/wp-content\/uploads\/2025\/06\/Site-314.jpg","type":"image\/jpeg"}],"author":"R\u00e9mi Sala","twitter_card":"summary_large_image","twitter_misc":{"Written by":"R\u00e9mi Sala"},"schema":{"@context":"https:\/\/schema.org","@graph":[{"@type":"Article","@id":"https:\/\/odiotsala.archi\/en\/landscaping\/#article","isPartOf":{"@id":"https:\/\/odiotsala.archi\/en\/landscaping\/"},"author":{"name":"R\u00e9mi Sala","@id":"https:\/\/odiotsala.archi\/en\/#\/schema\/person\/8ec94bcb719ce74b3b2b6bdbaaa65c29"},"headline":"Landscaping","datePublished":"2025-06-23T10:59:17+00:00","dateModified":"2025-09-03T12:59:09+00:00","mainEntityOfPage":{"@id":"https:\/\/odiotsala.archi\/en\/landscaping\/"},"wordCount":43,"publisher":{"@id":"https:\/\/odiotsala.archi\/en\/#organization"},"image":{"@id":"https:\/\/odiotsala.archi\/en\/landscaping\/#primaryimage"},"thumbnailUrl":"https:\/\/odiotsala.archi\/wp-content\/uploads\/2025\/06\/Site-314.jpg","inLanguage":"en-US"},{"@type":"WebPage","@id":"https:\/\/odiotsala.archi\/en\/landscaping\/","url":"https:\/\/odiotsala.archi\/en\/landscaping\/","name":"Landscaping - Odiot &amp; Sala Studio d&#039;Architecture d&#039;Int\u00e9rieur","isPartOf":{"@id":"https:\/\/odiotsala.archi\/en\/#website"},"primaryImageOfPage":{"@id":"https:\/\/odiotsala.archi\/en\/landscaping\/#primaryimage"},"image":{"@id":"https:\/\/odiotsala.archi\/en\/landscaping\/#primaryimage"},"thumbnailUrl":"https:\/\/odiotsala.archi\/wp-content\/uploads\/2025\/06\/Site-314.jpg","datePublished":"2025-06-23T10:59:17+00:00","dateModified":"2025-09-03T12:59:09+00:00","breadcrumb":{"@id":"https:\/\/odiotsala.archi\/en\/landscaping\/#breadcrumb"},"inLanguage":"en-US","potentialAction":[{"@type":"ReadAction","target":["https:\/\/odiotsala.archi\/en\/landscaping\/"]}]},{"@type":"ImageObject","inLanguage":"en-US","@id":"https:\/\/odiotsala.archi\/en\/landscaping\/#primaryimage","url":"https:\/\/odiotsala.archi\/wp-content\/uploads\/2025\/06\/Site-314.jpg","contentUrl":"https:\/\/odiotsala.archi\/wp-content\/uploads\/2025\/06\/Site-314.jpg","width":1920,"height":1442,"caption":"Conception Paysagisme"},{"@type":"BreadcrumbList","@id":"https:\/\/odiotsala.archi\/en\/landscaping\/#breadcrumb","itemListElement":[{"@type":"ListItem","position":1,"name":"Accueil","item":"https:\/\/odiotsala.archi\/en\/"},{"@type":"ListItem","position":2,"name":"Landscaping"}]},{"@type":"WebSite","@id":"https:\/\/odiotsala.archi\/en\/#website","url":"https:\/\/odiotsala.archi\/en\/","name":"Odiot &amp; Sala Studio d&#039;Architecture d&#039;Int\u00e9rieur","description":"Nous concevons des environnements o\u00f9 l&#039;int\u00e9rieur et l&#039;ext\u00e9rieur se connectent harmoniseusement pour cr\u00e9er des atmosph\u00e8res chaleureuses et solaires.","publisher":{"@id":"https:\/\/odiotsala.archi\/en\/#organization"},"potentialAction":[{"@type":"SearchAction","target":{"@type":"EntryPoint","urlTemplate":"https:\/\/odiotsala.archi\/en\/?s={search_term_string}"},"query-input":{"@type":"PropertyValueSpecification","valueRequired":true,"valueName":"search_term_string"}}],"inLanguage":"en-US"},{"@type":"Organization","@id":"https:\/\/odiotsala.archi\/en\/#organization","name":"Odiot &amp; Sala Studio d&#039;Architecture d&#039;Int\u00e9rieur","url":"https:\/\/odiotsala.archi\/en\/","logo":{"@type":"ImageObject","inLanguage":"en-US","@id":"https:\/\/odiotsala.archi\/en\/#\/schema\/logo\/image\/","url":"https:\/\/odiotsala.archi\/wp-content\/uploads\/2024\/06\/Logo-Odiot-Sala-1.png","contentUrl":"https:\/\/odiotsala.archi\/wp-content\/uploads\/2024\/06\/Logo-Odiot-Sala-1.png","width":1078,"height":226,"caption":"Odiot &amp; Sala Studio d&#039;Architecture d&#039;Int\u00e9rieur"},"image":{"@id":"https:\/\/odiotsala.archi\/en\/#\/schema\/logo\/image\/"}},{"@type":"Person","@id":"https:\/\/odiotsala.archi\/en\/#\/schema\/person\/8ec94bcb719ce74b3b2b6bdbaaa65c29","name":"R\u00e9mi Sala","image":{"@type":"ImageObject","inLanguage":"en-US","@id":"https:\/\/odiotsala.archi\/en\/#\/schema\/person\/image\/","url":"https:\/\/secure.gravatar.com\/avatar\/7241e8afc96a46688208c7ff4a57498d2b6c30633149211a2d8b2cefc99b4d12?s=96&d=mm&r=g","contentUrl":"https:\/\/secure.gravatar.com\/avatar\/7241e8afc96a46688208c7ff4a57498d2b6c30633149211a2d8b2cefc99b4d12?s=96&d=mm&r=g","caption":"R\u00e9mi Sala"},"url":"https:\/\/odiotsala.archi\/en\/author\/remi\/"}]}},"_links":{"self":[{"href":"https:\/\/odiotsala.archi\/en\/wp-json\/wp\/v2\/posts\/2964","targetHints":{"allow":["GET"]}}],"collection":[{"href":"https:\/\/odiotsala.archi\/en\/wp-json\/wp\/v2\/posts"}],"about":[{"href":"https:\/\/odiotsala.archi\/en\/wp-json\/wp\/v2\/types\/post"}],"author":[{"embeddable":true,"href":"https:\/\/odiotsala.archi\/en\/wp-json\/wp\/v2\/users\/3"}],"replies":[{"embeddable":true,"href":"https:\/\/odiotsala.archi\/en\/wp-json\/wp\/v2\/comments?post=2964"}],"version-history":[{"count":1,"href":"https:\/\/odiotsala.archi\/en\/wp-json\/wp\/v2\/posts\/2964\/revisions"}],"predecessor-version":[{"id":2965,"href":"https:\/\/odiotsala.archi\/en\/wp-json\/wp\/v2\/posts\/2964\/revisions\/2965"}],"wp:featuredmedia":[{"embeddable":true,"href":"https:\/\/odiotsala.archi\/en\/wp-json\/wp\/v2\/media\/2913"}],"wp:attachment":[{"href":"https:\/\/odiotsala.archi\/en\/wp-json\/wp\/v2\/media?parent=2964"}],"wp:term":[{"taxonomy":"category","embeddable":true,"href":"https:\/\/odiotsala.archi\/en\/wp-json\/wp\/v2\/categories?post=2964"},{"taxonomy":"post_tag","embeddable":true,"href":"https:\/\/odiotsala.archi\/en\/wp-json\/wp\/v2\/tags?post=2964"}],"curies":[{"name":"wp","href":"https:\/\/api.w.org\/{rel}","templated":true}]}}